{"id":10044,"date":"2020-12-18T15:07:46","date_gmt":"2020-12-18T15:07:46","guid":{"rendered":"https:\/\/posbistro.com\/blog\/?p=10044"},"modified":"2020-12-22T20:36:35","modified_gmt":"2020-12-22T20:36:35","slug":"rzad-oglosil-kwarantanne-narodowa-co-z-gastronomia","status":"publish","type":"post","link":"https:\/\/posbistro.com\/blog\/pl\/rzad-oglosil-kwarantanne-narodowa-co-z-gastronomia\/","title":{"rendered":"Rz\u0105d og\u0142osi\u0142 kwarantann\u0119 narodow\u0105 &#8211; co z gastronomi\u0105?"},"content":{"rendered":"<p><b>W czwartek 17 grudnia odby\u0142a si\u0119 konferencja ministra zdrowia, na kt\u00f3rej og\u0142oszono zaostrzenie obowi\u0105zuj\u0105cych obostrze\u0144. Od 28 grudnia do 17 stycznia w Polsce obowi\u0105zywa\u0107 b\u0119dzie kwarantanna narodowa. Jak wp\u0142ywa to na gastronomi\u0119?<\/b><\/p>\n<p><span style=\"font-weight: 400;\">Minister zdrowia Adam Niedzielski og\u0142osi\u0142, \u017ce <\/span><b>od dnia 28 grudnia 2020 r. do 17 stycznia 2021 roku<\/b><span style=\"font-weight: 400;\"> zacznie obowi\u0105zywa\u0107 <\/span><b>kwarantanna narodowa<\/b><span style=\"font-weight: 400;\">, kt\u00f3ra wprowadza nowe obostrzenia. Zamkni\u0119te zostan\u0105 m.in. hotele, stoki narciarskie oraz galerie handlowe. Jak <\/span><a href=\"https:\/\/samorzad.pap.pl\/kategoria\/aktualnosci\/nowe-obostrzenia-od-28-grudnia-do-17-stycznia-kwarantanna-narodowa\" target=\"_blank\" rel=\"noopener\"><span style=\"font-weight: 400;\">podkre\u015bli\u0142 minister<\/span><\/a><span style=\"font-weight: 400;\"> &#8222;Wszystko po to, aby przerwa\u0107 transmisj\u0119 COVID-19 i jak najszybciej wr\u00f3ci\u0107 do normalno\u015bci&#8221;.<\/span><\/p>\n<p><span style=\"font-weight: 400;\">Na<\/span><a href=\"https:\/\/www.gov.pl\/web\/koronawirus\/przedluzamy-etap-odpowiedzialnosci-i-wprowadzamy-dodatkowe-ograniczenia\" target=\"_blank\" rel=\"noopener\"><span style=\"font-weight: 400;\"> portalu gov.pl<\/span><\/a><span style=\"font-weight: 400;\"> zamieszczono szczeg\u00f3\u0142owe informacje o zasadach, kt\u00f3re zaczn\u0105 obowi\u0105zywa\u0107 od 28 grudnia. Poni\u017cej prezentujemy najwa\u017cniejsze zmiany, mog\u0105ce wp\u0142yn\u0105\u0107 na funkcjonowanie lokali gastronomicznych.<\/span><\/p>\n<p><!--HubSpot Call-to-Action Code --><span id=\"hs-cta-wrapper-32ddefe0-b887-4575-8e03-b3bd917e4ae7\" class=\"hs-cta-wrapper\"><span id=\"hs-cta-32ddefe0-b887-4575-8e03-b3bd917e4ae7\" class=\"hs-cta-node hs-cta-32ddefe0-b887-4575-8e03-b3bd917e4ae7\"><!-- [if lte IE 8]>\n\n\n<div id=\"hs-cta-ie-element\"><\/div>\n\n\n<![endif]--><a href=\"https:\/\/cta-redirect.hubspot.com\/cta\/redirect\/2501166\/32ddefe0-b887-4575-8e03-b3bd917e4ae7\" target=\"_blank\" rel=\"noopener\"><img loading=\"lazy\" decoding=\"async\" id=\"hs-cta-img-32ddefe0-b887-4575-8e03-b3bd917e4ae7\" class=\"hs-cta-img\" style=\"border-width: 0px;\" src=\"https:\/\/no-cache.hubspot.com\/cta\/default\/2501166\/32ddefe0-b887-4575-8e03-b3bd917e4ae7.png\" alt=\"New call-to-action\" width=\"820\" height=\"312\" \/><\/a><\/span><script charset=\"utf-8\" src=\"https:\/\/js.hscta.net\/cta\/current.js\"><\/script><script type=\"text\/javascript\"> hbspt.cta.load(2501166, '32ddefe0-b887-4575-8e03-b3bd917e4ae7', {}); <\/script><\/span><!-- end HubSpot Call-to-Action Code --><\/p>\n<h4><span style=\"font-weight: 400;\">Nowe zasady\u00a0<\/span><\/h4>\n<ul>\n<li style=\"font-weight: 400;\"><span style=\"font-weight: 400;\">Ponowne ograniczenie funkcjonowania galerii handlowych \u2013 otwarte pozostaj\u0105 m.in. sklepy spo\u017cywcze, z ksi\u0105\u017ckami i pras\u0105, drogerie, apteki, salony fryzjerskie i kosmetyczne, a tak\u017ce wolnostoj\u0105ce wielkopowierzchniowe sklepy meblowe.<\/span><\/li>\n<li style=\"font-weight: 400;\"><span style=\"font-weight: 400;\">Ograniczenie funkcjonowania hoteli \u2013 dost\u0119pne dla s\u0142u\u017cb mundurowych, medyk\u00f3w, pacjent\u00f3w szpitali specjalistycznych, o\u015brodk\u00f3w COS. Wyj\u0105tkiem s\u0105 r\u00f3wnie\u017c hotele pracownicze.\u00a0<\/span><\/li>\n<\/ul>\n<p><span style=\"font-weight: 400;\">Ponadto nadal obowi\u0105zuj\u0105 dotychczasowe zasady i ograniczenia, m.in.:<\/span><\/p>\n<ul>\n<li><span style=\"font-weight: 400;\">Zakaz organizacji wesel, komunii i konsolacji.<\/span><\/li>\n<li><b>Zamkni\u0119te restauracje. Posi\u0142ki wy\u0142\u0105cznie na wynos lub dow\u00f3z.<\/b><\/li>\n<\/ul>\n<h4>\u015awi\u0119ta Bo\u017cego Narodzenia i Sylwester<\/h4>\n<p><span style=\"font-weight: 400;\">Minister zdrowia zapowiedzia\u0142 tak\u017ce obostrzenia zwi\u0105zane z nadchodz\u0105cymi \u015awi\u0119tami Bo\u017cego Narodzenia i Sylwestrem. W tym roku du\u017ce spotkania rodzinne s\u0105 niezgodne z obowi\u0105zuj\u0105cymi zasadami. Na <\/span><a href=\"https:\/\/www.gov.pl\/web\/koronawirus\/przedluzamy-etap-odpowiedzialnosci-i-wprowadzamy-dodatkowe-ograniczenia\" target=\"_blank\" rel=\"noopener\"><span style=\"font-weight: 400;\">stronie gov.p<\/span><\/a><span style=\"font-weight: 400;\">l czytamy:\u00a0<\/span><\/p>\n<p><span style=\"font-weight: 400;\">\u201cZastosuj si\u0119 do obowi\u0105zuj\u0105cych ogranicze\u0144 &#8211; \u015bwi\u0119ta sp\u0119d\u017a w ze swoimi domownikami, nie organizuj du\u017cych spotka\u0144. Pami\u0119taj, \u017ce obowi\u0105zuje ograniczenia liczby go\u015bci, kt\u00f3rych mo\u017cesz zaprosi\u0107 \u2013 jest to<\/span><b> \u0142\u0105cznie maksymalnie 5 go\u015bci poza osobami, kt\u00f3re na sta\u0142e ze sob\u0105 zamieszkuj\u0105.\u201d<\/b><\/p>\n<p><span style=\"font-weight: 400;\">W kwestii Sylwestra og\u0142oszono natomiast zakaz przemieszczania si\u0119:\u00a0<\/span><\/p>\n<p><span style=\"font-weight: 400;\">\u201cZ 31 grudnia 2020 r. na 1 stycznia 2021 r. w godzinach <\/span><b>od 19:00 do 6:00 w ca\u0142ym kraju obowi\u0105zuje zakaz przemieszczania si\u0119.<\/b><span style=\"font-weight: 400;\"> Wyj\u0105tkiem b\u0119d\u0105 m.in. niezb\u0119dne czynno\u015bci s\u0142u\u017cbowe oraz inne wskazane w rozporz\u0105dzeniu.\u201d<\/span><\/p>\n<h4><span style=\"font-weight: 400;\">Zamkni\u0119ta gastronomia &#8211; jak sobie radzi\u0107?<\/span><\/h4>\n<p><span style=\"font-weight: 400;\">Cho\u0107 wszyscy czekali\u015bmy na ponowne otwarcie lokali gastronomicznych, pozostan\u0105 one zamkni\u0119te przynajmniej do 17 stycznia 2021 roku. Jedynym sposobem na sprzeda\u017c s\u0105 zam\u00f3wienia na wynos i w dowozie.\u00a0<\/span><\/p>\n<p><span style=\"font-weight: 400;\">Warto skupi\u0107 si\u0119 na wielu kana\u0142ach sprzeda\u017cy i por\u00f3wnywa\u0107 ich efektywno\u015b\u0107. Je\u015bli posiadasz w\u0142asn\u0105 stron\u0119 internetow\u0105, warto doda\u0107 na niej menu z mo\u017cliwo\u015bci\u0105 z\u0142o\u017cenia zam\u00f3wienia. Tak dzia\u0142a <\/span><a href=\"https:\/\/hubs.ly\/H0CRJdF0\"><span style=\"font-weight: 400;\">Virtual Menu<\/span><\/a><span style=\"font-weight: 400;\"> &#8211; wtyczka, kt\u00f3ra pozwala doda\u0107 na stron\u0119 aktualne menu i w\u00a0\u0142atwy spos\u00f3b zam\u00f3wi\u0107 danie z opcj\u0105 na wynos lub w dowozie.<\/span><\/p>\n<p><span style=\"font-weight: 400;\">Ograniczenie spotka\u0144 rodzinnych spowoduje, \u017ce wiele os\u00f3b sp\u0119dzi te \u015bwi\u0119ta w mniejszym gronie i nie spotka si\u0119 z rodzin\u0105. Mo\u017ce to wp\u0142yn\u0105\u0107 na wi\u0119ksze zainteresowanie cateringiem \u015bwi\u0105tecznym &#8211; je\u015bli oferujesz tego typu us\u0142ugi poinformuj o nich na swoim profilu facebookowym i stronie www restauracji.\u00a0<\/span><\/p>\n<p><!--HubSpot Call-to-Action Code --><span id=\"hs-cta-wrapper-122a2abd-810a-41fe-b7ac-a005a918df38\" class=\"hs-cta-wrapper\"><span id=\"hs-cta-122a2abd-810a-41fe-b7ac-a005a918df38\" class=\"hs-cta-node hs-cta-122a2abd-810a-41fe-b7ac-a005a918df38\"><!-- [if lte IE 8]>\n\n\n<div id=\"hs-cta-ie-element\"><\/div>\n\n\n<![endif]--><a href=\"https:\/\/cta-redirect.hubspot.com\/cta\/redirect\/2501166\/122a2abd-810a-41fe-b7ac-a005a918df38\" target=\"_blank\" rel=\"noopener\"><img loading=\"lazy\" decoding=\"async\" id=\"hs-cta-img-122a2abd-810a-41fe-b7ac-a005a918df38\" class=\"hs-cta-img\" style=\"border-width: 0px;\" src=\"https:\/\/no-cache.hubspot.com\/cta\/default\/2501166\/122a2abd-810a-41fe-b7ac-a005a918df38.png\" alt=\"New call-to-action\" width=\"1920\" height=\"730\" \/><\/a><\/span><script charset=\"utf-8\" src=\"https:\/\/js.hscta.net\/cta\/current.js\"><\/script><script type=\"text\/javascript\"> hbspt.cta.load(2501166, '122a2abd-810a-41fe-b7ac-a005a918df38', {}); <\/script><\/span><!-- end HubSpot Call-to-Action Code --><\/p>\n","protected":false},"excerpt":{"rendered":"<p>W czwartek 17 grudnia odby\u0142a si\u0119 konferencja ministra zdrowia, na kt\u00f3rej og\u0142oszono zaostrzenie obowi\u0105zuj\u0105cych obostrze\u0144. Od 28 grudnia do 17<\/p>\n","protected":false},"author":10,"featured_media":10046,"comment_status":"open","ping_status":"open","sticky":false,"template":"","format":"standard","meta":{"content-type":"","footnotes":""},"categories":[2052,2066,27,2072,2070],"tags":[3220],"class_list":["post-10044","post","type-post","status-publish","format-standard","has-post-thumbnail","hentry","category-ciekawostki","category-pizzeria","category-posbistro-pl","category-restauracja","category-sushi","tag-nowe-obostrzenia-gastronomia"],"_links":{"self":[{"href":"https:\/\/posbistro.com\/blog\/wp-json\/wp\/v2\/posts\/10044","targetHints":{"allow":["GET"]}}],"collection":[{"href":"https:\/\/posbistro.com\/blog\/wp-json\/wp\/v2\/posts"}],"about":[{"href":"https:\/\/posbistro.com\/blog\/wp-json\/wp\/v2\/types\/post"}],"author":[{"embeddable":true,"href":"https:\/\/posbistro.com\/blog\/wp-json\/wp\/v2\/users\/10"}],"replies":[{"embeddable":true,"href":"https:\/\/posbistro.com\/blog\/wp-json\/wp\/v2\/comments?post=10044"}],"version-history":[{"count":3,"href":"https:\/\/posbistro.com\/blog\/wp-json\/wp\/v2\/posts\/10044\/revisions"}],"predecessor-version":[{"id":12409,"href":"https:\/\/posbistro.com\/blog\/wp-json\/wp\/v2\/posts\/10044\/revisions\/12409"}],"wp:featuredmedia":[{"embeddable":true,"href":"https:\/\/posbistro.com\/blog\/wp-json\/wp\/v2\/media\/10046"}],"wp:attachment":[{"href":"https:\/\/posbistro.com\/blog\/wp-json\/wp\/v2\/media?parent=10044"}],"wp:term":[{"taxonomy":"category","embeddable":true,"href":"https:\/\/posbistro.com\/blog\/wp-json\/wp\/v2\/categories?post=10044"},{"taxonomy":"post_tag","embeddable":true,"href":"https:\/\/posbistro.com\/blog\/wp-json\/wp\/v2\/tags?post=10044"}],"curies":[{"name":"wp","href":"https:\/\/api.w.org\/{rel}","templated":true}]}}