{"id":2750,"date":"2015-08-04T16:00:13","date_gmt":"2015-08-04T14:00:13","guid":{"rendered":"http:\/\/blog.posbistro.com\/?p=2750"},"modified":"2024-06-05T11:02:49","modified_gmt":"2024-06-05T11:02:49","slug":"pierwszy-ogolnopolski-zlot-kucharzy","status":"publish","type":"post","link":"https:\/\/posbistro.com\/blog\/pl\/pierwszy-ogolnopolski-zlot-kucharzy\/","title":{"rendered":"Pierwszy Og\u00f3lnopolski Zlot Kucharzy!"},"content":{"rendered":"<p>Ju\u017c 10 sierpnia Krak\u00f3w stanie si\u0119 kulinarn\u0105 stolic\u0105 Polski &#8211; zgromadzi najwi\u0119ksz\u0105 ilo\u015b\u0107 kucharzy i pasjonat\u00f3w gotowania z ca\u0142ego kraju. Na Zlot szef\u00f3w kuchni zapisa\u0142o si\u0119 ju\u017c bowiem ponad 300 os\u00f3b.<\/p>\n<p>Pierwszy Og\u00f3lnopolski Zlot Kucharzy odb\u0119dzie si\u0119 w krakowskiej restauracji Werona w Centrum hotelowo-konferencyjnym \u201eWitek\u201d. \u00a0<span style=\"line-height: 1.5em;\">Autork\u0105 pomys\u0142u jest Ma\u0142gorzata Stach, Z-ca Centrum Kongresowego \u201eWitek\u201d w Krakowie, kt\u00f3r\u0105 zainspirowa\u0142a inicjatywa \u0142\u00f3d\u017akiej grupy \u201cGotowi\u201d.<\/span><\/p>\n<p><em>Kiedy zobaczy\u0142am w jak wspania\u0142y spos\u00f3b mo\u017cna po\u0142\u0105czy\u0107, bra\u0107 kucharsk\u0105 na \u0142\u00f3dzkiej imprezie, od razu pomy\u015bla\u0142am o tym, jak cudownie by\u0142oby stworzy\u0107 tak\u0105 imprez\u0119 w mojej ukochanej restauracji. Zwykle w czasie takich zlot\u00f3w, spotka\u0144, ka\u017cdy kucharz jest gdzie\u015b wpl\u0105tany w gotowanie, w jakie\u015b kulinarne potyczki. Pomy\u015bla\u0142am, \u017ce ten zlot b\u0119dzie na totalnym luzie. Szefowie maj\u0105 przyjecha\u0107 i po prostu by\u0107, rozmawia\u0107, bawi\u0107 si\u0119. Chc\u0119, \u017ceby ten dzie\u0144 by\u0142 dniem relaksu, odpoczynku w codziennym zagonieniu &#8211;<\/em> komentuje Pani Ma\u0142gorzata.<\/p>\n<p>Zlot ma by\u0107 nieformalnym spotkaniem ludzi, kt\u00f3rzy kochaj\u0105 swoj\u0105 prac\u0119 a gotowanie jest ich pasj\u0105. Aby wzi\u0105\u0107 w nim udzia\u0142 wystarczy zapisa\u0107 si\u0119 w wydarzeniu na portalu spo\u0142eczno\u015bciowym:\u00a0<a title=\"https:\/\/www.facebook.com\/events\/853098268098411\/\" href=\"https:\/\/www.facebook.com\/events\/853098268098411\/\" target=\"_blank\" rel=\"noopener\">https:\/\/www.facebook.com\/events\/853098268098411\/<\/a><\/p>\n<p><strong>Jakie atrakcje przewidziane s\u0105 podczas Zlotu?<\/strong><\/p>\n<ul>\n<li style=\"text-align: left;\"><span style=\"line-height: 1.5em;\"><span style=\"line-height: 1.5em;\">Prezentacja przyby\u0142ych uczestnik\u00f3w.<\/span><\/span><\/li>\n<li style=\"text-align: left;\">Pieczenie barana i szynki z ko\u015bci\u0105, wsp\u00f3lne grillowanie mistrz\u00f3w i pomocnik\u00f3w,<\/li>\n<li>Loteria z cennymi nagrodami,<\/li>\n<li>Wyst\u0119p Grupy Pokazowej Extreme Show.<\/li>\n<\/ul>\n<p>W trakcie trwania imprezy z pewno\u015bci\u0105 ka\u017cdy znajdzie czas na rozmowy, wywiady, zdj\u0119cia i wpisy do ksi\u0119gi pami\u0105tkowej. B\u0119dzie mo\u017cna r\u00f3wnie\u017c udzieli\u0107 wywiadu dla TV.<\/p>\n<p>Po cz\u0119\u015bci oficjalnej rozpocznie si\u0119 zabawa taneczna do bia\u0142ego rana z DJ\u2019ami takimi, jak: DJ\/Wodzirej, PiotrJedrych i DJMaciek. To w\u0142a\u015bnie oni postaraj\u0105 si\u0119 umili\u0107 uczestnikom czas i pomog\u0105 spali\u0107 zb\u0119dne kalorie.<\/p>\n<p>Organizatorzy przewiduj\u0105 r\u00f3wnie\u017c niespodziank\u0119!<\/p>\n<p>Zlot poprowadzi <strong>Micha\u0142 Ba\u0142azy<\/strong> &#8211; wybitny kucharz, kreator smaku i dobrego stylu. Pasjonat kuchni, kt\u00f3ry znany jest r\u00f3wnie\u017c z wspania\u0142ego poczucia humoru i optymistycznego podej\u015bcia do ludzi i \u015bwiata. Gotowa\u0142 m.in dla takich gwiazd, jak Kasia Dowbor, Piotr Adamczyk, Artur Barci\u015b, Olga Bo\u0144czyk, Maciej i Mateusz Dami\u0119ccy, Pawe\u0142 Del\u0105g, Anna Dereszowska, Krzesimir D\u0119bski, Katarzyna Figura, Jan Frycz, Magda Gessler, Olaf Lubaszenko, Daniel Olbrychski, Jan Peszek, Krystyna Pro\u0144ko, Beata Tyszkiewicz, Zbigniew Wodecki i wiele innych!<\/p>\n<p>Oficjalnym partnerem Zlotu jest Poradnik Restauratora, patronat medialny obj\u0105\u0142 za\u015b serwis Papaja.pl i Wszystko Dla Kucharzy.<\/p>\n<p><strong>Zapraszamy do Restauracji Werona, przy ul. Handlowc\u00f3w 14 w Modlniczce.<\/strong><\/p>\n<p>Agnieszka \u015aliwi\u0144ska\/<a title=\"POSbistro\" href=\"https:\/\/posbistro.com\/?utm_source=Blog&amp;utm_medium=Link&amp;utm_campaign=Blog\" target=\"_blank\" rel=\"noopener\">www.posbistro.com<\/a><\/p>\n","protected":false},"excerpt":{"rendered":"<p>Ju\u017c 10 sierpnia Krak\u00f3w stanie si\u0119 kulinarn\u0105 stolic\u0105 Polski &#8211; zgromadzi najwi\u0119ksz\u0105 ilo\u015b\u0107 kucharzy i pasjonat\u00f3w gotowania z ca\u0142ego kraju.<\/p>\n","protected":false},"author":1,"featured_media":2752,"comment_status":"open","ping_status":"open","sticky":false,"template":"","format":"standard","meta":{"content-type":"","footnotes":""},"categories":[27,2054],"tags":[],"class_list":["post-2750","post","type-post","status-publish","format-standard","has-post-thumbnail","hentry","category-posbistro-pl","category-wydarzenia"],"_links":{"self":[{"href":"https:\/\/posbistro.com\/blog\/wp-json\/wp\/v2\/posts\/2750","targetHints":{"allow":["GET"]}}],"collection":[{"href":"https:\/\/posbistro.com\/blog\/wp-json\/wp\/v2\/posts"}],"about":[{"href":"https:\/\/posbistro.com\/blog\/wp-json\/wp\/v2\/types\/post"}],"author":[{"embeddable":true,"href":"https:\/\/posbistro.com\/blog\/wp-json\/wp\/v2\/users\/1"}],"replies":[{"embeddable":true,"href":"https:\/\/posbistro.com\/blog\/wp-json\/wp\/v2\/comments?post=2750"}],"version-history":[{"count":2,"href":"https:\/\/posbistro.com\/blog\/wp-json\/wp\/v2\/posts\/2750\/revisions"}],"predecessor-version":[{"id":13365,"href":"https:\/\/posbistro.com\/blog\/wp-json\/wp\/v2\/posts\/2750\/revisions\/13365"}],"wp:featuredmedia":[{"embeddable":true,"href":"https:\/\/posbistro.com\/blog\/wp-json\/wp\/v2\/media\/2752"}],"wp:attachment":[{"href":"https:\/\/posbistro.com\/blog\/wp-json\/wp\/v2\/media?parent=2750"}],"wp:term":[{"taxonomy":"category","embeddable":true,"href":"https:\/\/posbistro.com\/blog\/wp-json\/wp\/v2\/categories?post=2750"},{"taxonomy":"post_tag","embeddable":true,"href":"https:\/\/posbistro.com\/blog\/wp-json\/wp\/v2\/tags?post=2750"}],"curies":[{"name":"wp","href":"https:\/\/api.w.org\/{rel}","templated":true}]}}