{"id":4016,"date":"2016-07-11T12:19:17","date_gmt":"2016-07-11T10:19:17","guid":{"rendered":"http:\/\/blog.posbistro.com\/?p=4016"},"modified":"2019-05-10T09:47:26","modified_gmt":"2019-05-10T09:47:26","slug":"wyzszy-podatek-dotknie-food-trucki","status":"publish","type":"post","link":"https:\/\/posbistro.com\/blog\/pl\/wyzszy-podatek-dotknie-food-trucki\/","title":{"rendered":"Wy\u017cszy podatek VAT dotknie Food Trucki"},"content":{"rendered":"<p><span style=\"font-family: arial,helvetica,sans-serif;\"><b id=\"docs-internal-guid-387578e3-d97a-d625-79a9-b468e08715a6\" style=\"font-weight: normal;\"><span style=\"font-size: 14.6667px; color: #000000; background-color: transparent; font-weight: 400; font-style: normal; font-variant: normal; text-decoration: none; vertical-align: baseline; white-space: pre-wrap;\">O tym jakie s\u0105 obecne stawki VAT wgastronomii pisali\u015bmy <a href=\"https:\/\/posbistro.com\/blog\/podatki-kuchni-obowiazujace-stawki-vat-gastronomii\/\">tutaj<\/a>. Niemniej pod koniec czerwca 2017 Minister Finans\u00f3w wyda\u0142 interpretacj\u0119 ustawy o VAT, z kt\u00f3rej wynika, \u017ce w\u0142a\u015bciciele ma\u0142ych punk\u00f3w gastronomicznych takich jak budki z zapiekankami, kebabami, czy food trucki b\u0119d\u0105 musieli zap\u0142aci\u0107 wy\u017cszy podatek VAT. <\/span><\/b><\/span><\/p>\n<p><span style=\"font-family: arial,helvetica,sans-serif;\"><b id=\"docs-internal-guid-387578e3-d97a-d625-79a9-b468e08715a6\" style=\"font-weight: normal;\"><span style=\"font-size: 14.6667px; color: #000000; background-color: transparent; font-weight: 400; font-style: normal; font-variant: normal; text-decoration: none; vertical-align: baseline; white-space: pre-wrap;\">Dotychczas drobni przedsi\u0119biorcy, sprzedaj\u0105cy jedzenie na wynos mogli skorzysta\u0107 z 5% stawki VAT, pod warunkiem, \u017ce nie \u015bwiadczyli us\u0142ugi kelnerskiej. Fakt ten wynika\u0142 z interpretowania us\u0142ugi jako dostawy towaru. Klienci owych budek nie byli wi\u0119c w my\u015bl ustawy obs\u0142ugiwani przez kelnera, a otrzymywali wy\u0142\u0105cznie gotowe posi\u0142ki. Stawka w wysoko\u015bci 8% VAT za jedzenie jest pobierana w przypadku wi\u0119kszych przedsi\u0119biorstw gastronomicznych, takich jak restauracje czy pizzerie, gdzie mo\u017cna zje\u015b\u0107 na miejscu, b\u0119d\u0105c dodatkowo obs\u0142u\u017conym przez kelnera. Teraz taki sam podatek zap\u0142ac\u0105 r\u00f3wnie\u017c w\u0142a\u015bciciele kebab\u00f3w, food truck\u00f3w czy innych punkt\u00f3w z fast foodami. Znawcy temat\u00f3w podatkowych podkre\u015blaj\u0105, \u017ce ta informacja to zupe\u0142na nowo\u015b\u0107, gdy\u017c interpretacje organ\u00f3w podatkowych by\u0142y dotychczas korzystne dla przedsi\u0119biorc\u00f3w. Teraz okazuje si\u0119, \u017ce b\u0119d\u0105 oni musieli odprowadza\u0107 wi\u0119kszy VAT co z pewno\u015bci\u0105 przeniesie si\u0119 na zwi\u0119kszenie cen ich us\u0142ug. <\/span><\/b><\/span><\/p>\n<p><!--HubSpot Call-to-Action Code --><span id=\"hs-cta-wrapper-b062c54b-befe-44ee-acf9-0e6fdce6e87a\" class=\"hs-cta-wrapper\"><span id=\"hs-cta-b062c54b-befe-44ee-acf9-0e6fdce6e87a\" class=\"hs-cta-node hs-cta-b062c54b-befe-44ee-acf9-0e6fdce6e87a\"><!-- [if lte IE 8]>\n\n\n<div id=\"hs-cta-ie-element\"><\/div>\n\n\n<![endif]--><a href=\"https:\/\/cta-redirect.hubspot.com\/cta\/redirect\/2501166\/b062c54b-befe-44ee-acf9-0e6fdce6e87a\"><img loading=\"lazy\" decoding=\"async\" id=\"hs-cta-img-b062c54b-befe-44ee-acf9-0e6fdce6e87a\" class=\"hs-cta-img\" style=\"border-width: 0px;\" src=\"https:\/\/no-cache.hubspot.com\/cta\/default\/2501166\/b062c54b-befe-44ee-acf9-0e6fdce6e87a.png\" alt=\"New Call-to-action\" width=\"1200\" height=\"628\" \/><\/a><\/span><script charset=\"utf-8\" src=\"https:\/\/js.hscta.net\/cta\/current.js\"><\/script><script type=\"text\/javascript\"> hbspt.cta.load(2501166, 'b062c54b-befe-44ee-acf9-0e6fdce6e87a', {}); <\/script><\/span><!-- end HubSpot Call-to-Action Code --><br \/>\n<span style=\"font-family: arial,helvetica,sans-serif;\"><b id=\"docs-internal-guid-387578e3-d97a-d625-79a9-b468e08715a6\" style=\"font-weight: normal;\"><span style=\"font-size: 14.6667px; color: #000000; background-color: transparent; font-weight: 400; font-style: normal; font-variant: normal; text-decoration: none; vertical-align: baseline; white-space: pre-wrap;\">Aby lepiej zrozumie\u0107 temat, warto zapozna\u0107 si\u0119 z poj\u0119ciem <\/span><span style=\"font-size: 14.6667px; color: #252525; background-color: #ffffff; font-weight: bold; font-style: normal; font-variant: normal; text-decoration: none; vertical-align: baseline; white-space: pre-wrap;\">Polskiej Klasyfikacji Wyrob\u00f3w i Us\u0142ug<\/span><span style=\"font-size: 14.6667px; color: #252525; background-color: #ffffff; font-weight: 400; font-style: normal; font-variant: normal; text-decoration: none; vertical-align: baseline; white-space: pre-wrap;\">, czyli klasyfikacji, znajduj\u0105cych si\u0119 w polskim obiegu gospodarczym produkt\u00f3w. Jako produkty rozumiemy tutaj zar\u00f3wno wyroby jak i us\u0142ugi. Budowa PKWiU sk\u0142ada si\u0119 z dzia\u0142\u00f3w, grup, klas czy kategorii, w kt\u00f3rych znajduj\u0105 si\u0119 odpowiednie zestawy produkt\u00f3w. Interpretacja ministerstwa finans\u00f3w bazuje w\u0142a\u015bnie na prawid\u0142owym rozr\u00f3\u017cnieniu tych element\u00f3w, a tym samym ustaleniu w\u0142a\u015bciwego ich opodatkowania w kontek\u015bcie us\u0142ug gastronomicznych. <\/span><\/b><\/span><\/p>\n<p><span style=\"font-family: arial,helvetica,sans-serif;\"><b id=\"docs-internal-guid-387578e3-d97a-d625-79a9-b468e08715a6\" style=\"font-weight: normal;\"><span style=\"font-size: 14.6667px; color: #000000; background-color: transparent; font-weight: 400; font-style: italic; font-variant: normal; text-decoration: none; vertical-align: baseline; white-space: pre-wrap;\">\u201cMaj\u0105c na uwadze powy\u017csze nale\u017cy zauwa\u017cy\u0107, \u017ce dla okre\u015blenia prawid\u0142owej stawki podatku jaka ma zastosowanie przy sprzeda\u017cy posi\u0142k\u00f3w i da\u0144 przez plac\u00f3wki gastronomiczne, nale\u017cy dokona\u0107 prawid\u0142owego zaklasyfikowania tej czynno\u015bci wg PKWiU. Dla uznania czy dana czynno\u015b\u0107 b\u0119dzie zaliczona do klasy PKWiU 10.85 Gotowe posi\u0142ki i dania, czy do dzia\u0142u PKWiU 56 Us\u0142ugi zwi\u0105zane z wy\u017cywieniem istotne jest, czy oferowane produkty s\u0105 w pe\u0142ni przyrz\u0105dzone i serwowane jako posi\u0142ek gotowy do bezpo\u015bredniego spo\u017cycia, czy te\u017c nie s\u0105 przeznaczone do bezpo\u015bredniej konsumpcji &#8211; np. s\u0105 zamro\u017cone lub pakowane pr\u00f3\u017cniowo i etykietowane z przeznaczeniem na sprzeda\u017c.\u201d <\/span><\/b><\/span><\/p>\n<p><span style=\"font-family: arial,helvetica,sans-serif;\"><b id=\"docs-internal-guid-387578e3-d97a-d625-79a9-b468e08715a6\" style=\"font-weight: normal;\"><span style=\"font-size: 14.6667px; color: #000000; background-color: transparent; font-weight: 400; font-style: normal; font-variant: normal; text-decoration: none; vertical-align: baseline; white-space: pre-wrap;\">Interpretacja jasno wskazuje, \u017ce dania z naszych przys\u0142owiowych budek nie s\u0105 zaliczane do <\/span><span style=\"font-size: 14.6667px; color: #000000; background-color: transparent; font-weight: 400; font-style: italic; font-variant: normal; text-decoration: none; vertical-align: baseline; white-space: pre-wrap;\">klasy PKWiU 10.85<\/span> <span style=\"font-size: 14.6667px; color: #000000; background-color: transparent; font-weight: 400; font-style: italic; font-variant: normal; text-decoration: none; vertical-align: baseline; white-space: pre-wrap;\">Gotowe posi\u0142ki i dania,<\/span><span style=\"font-size: 14.6667px; color: #000000; background-color: transparent; font-weight: 400; font-style: normal; font-variant: normal; text-decoration: none; vertical-align: baseline; white-space: pre-wrap;\"> dlatego te\u017c uzasadnionym b\u0119dzie na\u0142o\u017cenie na nie podatku w wysoko\u015bci 8%, uto\u017csamiaj\u0105c je tym samym z restauracjami. <\/span><\/b><\/span><\/p>\n<p><span style=\"font-family: arial,helvetica,sans-serif;\"><b id=\"docs-internal-guid-387578e3-d97a-d625-79a9-b468e08715a6\" style=\"font-weight: normal;\"><span style=\"font-size: 14.6667px; color: #000000; background-color: transparent; font-weight: 400; font-style: normal; font-variant: normal; text-decoration: none; vertical-align: baseline; white-space: pre-wrap;\">Zdania na temat kontrowersyjnych zmian w ma\u0142ej gastronomii s\u0105 podzielone. Okazuje si\u0119, \u017ce gro przedsi\u0119biorc\u00f3w, nie wiedzia\u0142o, b\u0105d\u017a ba\u0142o si\u0119 korzysta\u0107 ze stawki 5% VAT, gdy\u017c nie by\u0142a ona jasno doprecyzowana co do tego, kto mo\u017ce z niej korzysta\u0107. <\/span><\/b><\/span><\/p>\n<p><span style=\"font-size: 14.666666666666666px; font-family: Arial; color: #000000; background-color: transparent; font-weight: 400; font-style: normal; font-variant: normal; text-decoration: none; vertical-align: baseline;\"><em>Interpretacja ustawy o VAT nie jest dla mnie wielkim zaskoczeniem, uwa\u017cam, \u017ce nareszcie zasady zosta\u0142y jednoznacznie sprecyzowane, co do wysoko\u015bci podatku. Dotychczas ka\u017cdy interpretowa\u0142 j\u0105 na sw\u00f3j spos\u00f3b, a tak naprawd\u0119 wszystko le\u017ca\u0142o w r\u0119kach urz\u0119dnik\u00f3w. Wiele by\u0142o w tym niejasno\u015bci, a wizja ewentualnych roszcze\u0144 organ\u00f3w podatkowych wobec mojej firmy, przekona\u0142a mnie by od pocz\u0105tku odprowada\u0107 8. proc. stawk\u0119 VAT <\/em>\u00a0&#8211; m\u00f3wi nam przedsi\u0119biorca z Krakowa<\/span><\/p>\n<p><span style=\"font-family: arial,helvetica,sans-serif;\"><b id=\"docs-internal-guid-387578e3-d97a-d625-79a9-b468e08715a6\" style=\"font-weight: normal;\"><span style=\"font-size: 14.6667px; color: #000000; background-color: transparent; font-weight: 400; font-style: normal; font-variant: normal; text-decoration: none; vertical-align: baseline; white-space: pre-wrap;\">Niekt\u00f3rzy \u00a0natomiast ju\u017c zapowiadaj\u0105 wzrost cen na swoje us\u0142ugi. Natychmiastowo, g\u0142os w sprawie zabra\u0142 polityk partii Razem, Adrian Zandberg <\/span><span style=\"font-size: 14.6667px; color: #000000; background-color: transparent; font-weight: 400; font-style: italic; font-variant: normal; text-decoration: none; vertical-align: baseline; white-space: pre-wrap;\">\u201cW ramach szukania kasy cicha podwy\u017cka VAT na kebaby, tanie jedzenie z budek&#8230;Ale za to PiS dalej przeciw podatkom dla milioner\u00f3w\u201d<\/span><\/b><\/span><\/p>\n<p><span style=\"font-family: arial,helvetica,sans-serif;\"><b id=\"docs-internal-guid-387578e3-d97a-d625-79a9-b468e08715a6\" style=\"font-weight: normal;\"><span style=\"font-size: 14.6667px; color: #000000; background-color: transparent; font-weight: 400; font-style: normal; font-variant: normal; text-decoration: none; vertical-align: baseline; white-space: pre-wrap;\">Prawdopodobnie zmiany nie b\u0119d\u0105 zbyt powa\u017cne dla samych przedsi\u0119biorc\u00f3w, kt\u00f3rzy zapewne zdecyduj\u0105 si\u0119 podnie\u015b\u0107 ceny. Szczeg\u00f3ln\u0105 r\u00f3\u017cnice w tym przypadku poczuj\u0105 stali konsumenci, kt\u00f3rzy zap\u0142ac\u0105 za posi\u0142ki wi\u0119cej. A u Was jak wygl\u0105da sytuacja? Podzielcie si\u0119 z nami Waszymi opiniami w komentarzach. <\/span><\/b><\/span><\/p>\n<p><span style=\"font-family: arial,helvetica,sans-serif;\"><b style=\"font-weight: normal;\"><span style=\"font-size: 14.6667px; color: #000000; background-color: transparent; font-weight: 400; font-style: normal; font-variant: normal; text-decoration: none; vertical-align: baseline; white-space: pre-wrap;\">Czytaj r\u00f3wnie\u017c: <\/span><\/b><\/span><a href=\"https:\/\/posbistro.com\/blog\/czy-food-truck-to-oplacalny-biznes\/\">Czy Food Truck to op\u0142acalny biznes?<\/a><\/p>\n<p><b style=\"font-weight: normal;\"><span style=\"font-size: 14.6667px; color: #000000; background-color: transparent; font-weight: 400; font-style: normal; font-variant: normal; text-decoration: none; vertical-align: baseline; white-space: pre-wrap;\">Autor: IzabelaG\u0142\u00f3d<\/span><\/b><\/p>\n<p><b style=\"font-weight: normal;\"><span style=\"font-size: 14.6667px; color: #000000; background-color: transparent; font-weight: 400; font-style: normal; font-variant: normal; text-decoration: none; vertical-align: baseline; white-space: pre-wrap;\">\u0179r\u00f3d\u0142a: <\/span><\/b>tvn24bis.pl, onet.pl, posbistro.com<\/p>\n","protected":false},"excerpt":{"rendered":"<p>O tym jakie s\u0105 obecne stawki VAT wgastronomii pisali\u015bmy tutaj. Niemniej pod koniec czerwca 2017 Minister Finans\u00f3w wyda\u0142 interpretacj\u0119 ustawy<\/p>\n","protected":false},"author":1,"featured_media":4017,"comment_status":"open","ping_status":"open","sticky":false,"template":"","format":"standard","meta":{"content-type":"","footnotes":""},"categories":[2064,2076,2062],"tags":[261,277,619,867],"class_list":["post-4016","post","type-post","status-publish","format-standard","has-post-thumbnail","hentry","category-footruck","category-prawoipodatki","category-typgastronomii","tag-fast-food-podatki","tag-food-truck","tag-kasy-fiskalne","tag-podatek-dla-food-trucka"],"_links":{"self":[{"href":"https:\/\/posbistro.com\/blog\/wp-json\/wp\/v2\/posts\/4016","targetHints":{"allow":["GET"]}}],"collection":[{"href":"https:\/\/posbistro.com\/blog\/wp-json\/wp\/v2\/posts"}],"about":[{"href":"https:\/\/posbistro.com\/blog\/wp-json\/wp\/v2\/types\/post"}],"author":[{"embeddable":true,"href":"https:\/\/posbistro.com\/blog\/wp-json\/wp\/v2\/users\/1"}],"replies":[{"embeddable":true,"href":"https:\/\/posbistro.com\/blog\/wp-json\/wp\/v2\/comments?post=4016"}],"version-history":[{"count":5,"href":"https:\/\/posbistro.com\/blog\/wp-json\/wp\/v2\/posts\/4016\/revisions"}],"predecessor-version":[{"id":12572,"href":"https:\/\/posbistro.com\/blog\/wp-json\/wp\/v2\/posts\/4016\/revisions\/12572"}],"wp:featuredmedia":[{"embeddable":true,"href":"https:\/\/posbistro.com\/blog\/wp-json\/wp\/v2\/media\/4017"}],"wp:attachment":[{"href":"https:\/\/posbistro.com\/blog\/wp-json\/wp\/v2\/media?parent=4016"}],"wp:term":[{"taxonomy":"category","embeddable":true,"href":"https:\/\/posbistro.com\/blog\/wp-json\/wp\/v2\/categories?post=4016"},{"taxonomy":"post_tag","embeddable":true,"href":"https:\/\/posbistro.com\/blog\/wp-json\/wp\/v2\/tags?post=4016"}],"curies":[{"name":"wp","href":"https:\/\/api.w.org\/{rel}","templated":true}]}}